{"id":2795,"date":"2012-06-15T09:34:23","date_gmt":"2012-06-15T08:34:23","guid":{"rendered":"http:\/\/www.matala-kreta.eu\/?p=2795"},"modified":"2012-06-17T13:23:44","modified_gmt":"2012-06-17T12:23:44","slug":"ein-land-zwei-welten","status":"publish","type":"post","link":"https:\/\/www.matala-kreta.eu\/?p=2795","title":{"rendered":"Ein Land, zwei Welten."},"content":{"rendered":"<p><em><strong>&#8222;W\u00e4hrend auf dem griechischen Festland die Menschen protestieren, wirkt der Alltag auf den Inseln fast so idyllisch wie eh und je. Eine Rundreise \u00fcber Rhodos, Kreta und Santorin. &#8211; Von Stefan Beutelsbacher<\/strong><\/em><\/p>\n<p><em>Einige haben sich vermummt. Haben ihre K\u00f6pfe in schwarze Kapuzen geh\u00fcllt und einen Schal um Mund und Nase geschlungen. Vor dem Parlament in Athen schimpfen sie \u00fcber die Sparma\u00dfnahmen der griechischen Regierung, auf die Europ\u00e4ische Union, auch auf Deutschland. Sie recken griechische Fahnen in die Luft und schwenken Transparente. Manche der Demonstranten, es sind Anh\u00e4nger der rechtsextremen Partei Chrysi Avgi, werden von Polizisten gepackt und fortgezerrt.&#8220;<\/em><\/p>\n<p>Weiterlesen &rarr;<a title=\"Ein Land, zwei Welten\" href=\"http:\/\/www.welt.de\/print\/wams\/reise\/article106485617\/Ein-Land-zwei-Welten.html\" target=\"_blank\">welt.de\/print\/wams\/reise\/<\/a><\/p>\n","protected":false},"excerpt":{"rendered":"<p>&#8222;W\u00e4hrend auf dem griechischen Festland die Menschen protestieren, wirkt der Alltag auf den Inseln fast so idyllisch wie eh und je. Eine Rundreise \u00fcber Rhodos, Kreta und Santorin. &#8211; Von Stefan Beutelsbacher<\/p>\n<p>Einige haben sich vermummt. Haben ihre K\u00f6pfe in schwarze Kapuzen geh\u00fcllt und einen Schal um Mund und Nase geschlungen. Vor dem Parlament in <span style=\"color:#777\"> . . . &rarr; Read More: <a href=\"https:\/\/www.matala-kreta.eu\/?p=2795\">Ein Land, zwei Welten.<\/a><\/span><\/p>\n","protected":false},"author":1,"featured_media":0,"comment_status":"open","ping_status":"open","sticky":false,"template":"","format":"standard","meta":[],"categories":[1],"tags":[346,443,347,24,423,764,13,763,424,442,441,383,175,15],"_links":{"self":[{"href":"https:\/\/www.matala-kreta.eu\/index.php?rest_route=\/wp\/v2\/posts\/2795"}],"collection":[{"href":"https:\/\/www.matala-kreta.eu\/index.php?rest_route=\/wp\/v2\/posts"}],"about":[{"href":"https:\/\/www.matala-kreta.eu\/index.php?rest_route=\/wp\/v2\/types\/post"}],"author":[{"embeddable":true,"href":"https:\/\/www.matala-kreta.eu\/index.php?rest_route=\/wp\/v2\/users\/1"}],"replies":[{"embeddable":true,"href":"https:\/\/www.matala-kreta.eu\/index.php?rest_route=%2Fwp%2Fv2%2Fcomments&post=2795"}],"version-history":[{"count":0,"href":"https:\/\/www.matala-kreta.eu\/index.php?rest_route=\/wp\/v2\/posts\/2795\/revisions"}],"wp:attachment":[{"href":"https:\/\/www.matala-kreta.eu\/index.php?rest_route=%2Fwp%2Fv2%2Fmedia&parent=2795"}],"wp:term":[{"taxonomy":"category","embeddable":true,"href":"https:\/\/www.matala-kreta.eu\/index.php?rest_route=%2Fwp%2Fv2%2Fcategories&post=2795"},{"taxonomy":"post_tag","embeddable":true,"href":"https:\/\/www.matala-kreta.eu\/index.php?rest_route=%2Fwp%2Fv2%2Ftags&post=2795"}],"curies":[{"name":"wp","href":"https:\/\/api.w.org\/{rel}","templated":true}]}}