{"id":2794,"date":"2012-06-15T09:29:09","date_gmt":"2012-06-15T08:29:09","guid":{"rendered":"http:\/\/www.matala-kreta.eu\/?p=2794"},"modified":"2012-06-17T13:36:41","modified_gmt":"2012-06-17T12:36:41","slug":"griechen-krise-und-zorn-auf-merkel","status":"publish","type":"post","link":"https:\/\/www.matala-kreta.eu\/?p=2794","title":{"rendered":"Griechen, Krise und Zorn auf Merkel"},"content":{"rendered":"<p><strong>Darmstatt &#8211; Europa \u2013 Diskussion in der Edith-Stein-Schule zur aktuellen Situation um den Euro.<\/strong><\/p>\n<p><em>&#8222;Mit viel Liebe hatten Oberstufensch\u00fcler der Edith-Stein-Schule (ESS) griechische Spezialit\u00e4ten zubereitet: Gyrossalat, Feta-Spie\u00dfe und Fladenbrot lockten die rund 100 G\u00e4ste am Montagabend an. Mit den Einnahmen wollen zwei Leistungskurse ihre Studienfahrt nach Thessaloniki unterst\u00fctzen. Michael Elsaesser und sein Tutorium Politik und Wirtschaft sowie David Holluba und dessen Tutorium Geschichte hatten den griechischen Abend organisiert. Zum ersten Mal gibt es eine Studienfahrt nach Griechenland. \u201eEs ist gerade jetzt spannend, dorthin zu fahren\u201c, sagte Elsaesser, der vor 30 Jahren als Lektor an einer griechischen Universit\u00e4t lehrte und dessen Tochter auf Kreta lebt.&#8220;<\/em><\/p>\n<p>Weiterlesen &rarr; <a title=\"Griechen-Krise-und-Zorn-auf-Merkel\" href=\"http:\/\/www.echo-online.de\/region\/darmstadt\/Griechen-Krise-und-Zorn-auf-Merkel;art1231,2963836\" target=\"_blank\">echo-online.de\/region\/darmstadt\/Griechen-Krise-und-Zorn-auf-Merkel<\/a><\/p>\n","protected":false},"excerpt":{"rendered":"<p>Darmstatt &#8211; Europa \u2013 Diskussion in der Edith-Stein-Schule zur aktuellen Situation um den Euro.<\/p>\n<p>&#8222;Mit viel Liebe hatten Oberstufensch\u00fcler der Edith-Stein-Schule (ESS) griechische Spezialit\u00e4ten zubereitet: Gyrossalat, Feta-Spie\u00dfe und Fladenbrot lockten die rund 100 G\u00e4ste am Montagabend an. Mit den Einnahmen wollen zwei Leistungskurse ihre Studienfahrt nach Thessaloniki unterst\u00fctzen. Michael Elsaesser und sein Tutorium Politik und <span style=\"color:#777\"> . . . &rarr; Read More: <a href=\"https:\/\/www.matala-kreta.eu\/?p=2794\">Griechen, Krise und Zorn auf Merkel<\/a><\/span><\/p>\n","protected":false},"author":1,"featured_media":0,"comment_status":"open","ping_status":"open","sticky":false,"template":"","format":"standard","meta":[],"categories":[1],"tags":[346,436,347,437,24,423,438,763,439,440,383,175,15],"_links":{"self":[{"href":"https:\/\/www.matala-kreta.eu\/index.php?rest_route=\/wp\/v2\/posts\/2794"}],"collection":[{"href":"https:\/\/www.matala-kreta.eu\/index.php?rest_route=\/wp\/v2\/posts"}],"about":[{"href":"https:\/\/www.matala-kreta.eu\/index.php?rest_route=\/wp\/v2\/types\/post"}],"author":[{"embeddable":true,"href":"https:\/\/www.matala-kreta.eu\/index.php?rest_route=\/wp\/v2\/users\/1"}],"replies":[{"embeddable":true,"href":"https:\/\/www.matala-kreta.eu\/index.php?rest_route=%2Fwp%2Fv2%2Fcomments&post=2794"}],"version-history":[{"count":0,"href":"https:\/\/www.matala-kreta.eu\/index.php?rest_route=\/wp\/v2\/posts\/2794\/revisions"}],"wp:attachment":[{"href":"https:\/\/www.matala-kreta.eu\/index.php?rest_route=%2Fwp%2Fv2%2Fmedia&parent=2794"}],"wp:term":[{"taxonomy":"category","embeddable":true,"href":"https:\/\/www.matala-kreta.eu\/index.php?rest_route=%2Fwp%2Fv2%2Fcategories&post=2794"},{"taxonomy":"post_tag","embeddable":true,"href":"https:\/\/www.matala-kreta.eu\/index.php?rest_route=%2Fwp%2Fv2%2Ftags&post=2794"}],"curies":[{"name":"wp","href":"https:\/\/api.w.org\/{rel}","templated":true}]}}