{"id":2785,"date":"2012-06-13T07:36:41","date_gmt":"2012-06-13T06:36:41","guid":{"rendered":"http:\/\/www.matala-kreta.eu\/?p=2785"},"modified":"2012-06-13T07:36:41","modified_gmt":"2012-06-13T06:36:41","slug":"was-uns-zerstort-ist-die-angst","status":"publish","type":"post","link":"https:\/\/www.matala-kreta.eu\/?p=2785","title":{"rendered":"&#8222;Was uns zerst\u00f6rt, ist die Angst&#8220;"},"content":{"rendered":"<p>&#8222;Die Deutschlehrerin Rania Athousaki muss auf Kreta Sch\u00fclern erkl\u00e4ren, warum sie die Sprache eines Landes lernen sollen, das sie g\u00e4ngelt. Die europ\u00e4ischen Medien, so findet sie, vermitteln ein falsches Bild der Griechen. Und f\u00fcr ihre Not interessiere sich im Ausland niemand.&#8220;<\/p>\n<p><a title=\"griechenland angst\" href=\"http:\/\/www.sueddeutsche.de\/wirtschaft\/geschichten-aus-griechenland-was-uns-zerstoert-ist-die-angst-1.1374616\" target=\"_blank\">sueddeutsche.de\/wirtschaft\/geschichten-aus-griechenland-was-uns-zerstoert-ist-die-angst<\/a><\/p>\n","protected":false},"excerpt":{"rendered":"<p>&#8222;Die Deutschlehrerin Rania Athousaki muss auf Kreta Sch\u00fclern erkl\u00e4ren, warum sie die Sprache eines Landes lernen sollen, das sie g\u00e4ngelt. Die europ\u00e4ischen Medien, so findet sie, vermitteln ein falsches Bild der Griechen. Und f\u00fcr ihre Not interessiere sich im Ausland niemand.&#8220;<\/p>\n<p>sueddeutsche.de\/wirtschaft\/geschichten-aus-griechenland-was-uns-zerstoert-ist-die-angst<\/p>\n","protected":false},"author":1,"featured_media":0,"comment_status":"open","ping_status":"open","sticky":false,"template":"","format":"standard","meta":[],"categories":[1],"tags":[346,347,24,431,764,763,430,175],"_links":{"self":[{"href":"https:\/\/www.matala-kreta.eu\/index.php?rest_route=\/wp\/v2\/posts\/2785"}],"collection":[{"href":"https:\/\/www.matala-kreta.eu\/index.php?rest_route=\/wp\/v2\/posts"}],"about":[{"href":"https:\/\/www.matala-kreta.eu\/index.php?rest_route=\/wp\/v2\/types\/post"}],"author":[{"embeddable":true,"href":"https:\/\/www.matala-kreta.eu\/index.php?rest_route=\/wp\/v2\/users\/1"}],"replies":[{"embeddable":true,"href":"https:\/\/www.matala-kreta.eu\/index.php?rest_route=%2Fwp%2Fv2%2Fcomments&post=2785"}],"version-history":[{"count":0,"href":"https:\/\/www.matala-kreta.eu\/index.php?rest_route=\/wp\/v2\/posts\/2785\/revisions"}],"wp:attachment":[{"href":"https:\/\/www.matala-kreta.eu\/index.php?rest_route=%2Fwp%2Fv2%2Fmedia&parent=2785"}],"wp:term":[{"taxonomy":"category","embeddable":true,"href":"https:\/\/www.matala-kreta.eu\/index.php?rest_route=%2Fwp%2Fv2%2Fcategories&post=2785"},{"taxonomy":"post_tag","embeddable":true,"href":"https:\/\/www.matala-kreta.eu\/index.php?rest_route=%2Fwp%2Fv2%2Ftags&post=2785"}],"curies":[{"name":"wp","href":"https:\/\/api.w.org\/{rel}","templated":true}]}}