{"id":1529,"date":"2011-06-14T20:36:16","date_gmt":"2011-06-14T19:36:16","guid":{"rendered":"http:\/\/www.matala-kreta.eu\/?p=1529"},"modified":"2012-03-03T16:13:50","modified_gmt":"2012-03-03T15:13:50","slug":"ein-kleines-abschiedsessen","status":"publish","type":"post","link":"https:\/\/www.matala-kreta.eu\/?p=1529","title":{"rendered":"Ein kleines Abschiedsessen&#8230;."},"content":{"rendered":"<p>Am Sonntag trafen wir uns abends noch einmal mit allen im &#8222;Sunset&#8220;. Denn in den letzten drei Tagen hatte man wenig Gelegenheit alle zusammen in der Gruppe zu finden.<br \/>\nSo war nun Gelegenheit noch einmal die Erlebnisse auszutauschen. Der Abend war gef\u00fcllt mit Geschichten \u00fcber &#8222;Mama&#8220;,\u00a0 die diese drei Tage leider nicht mehr erleben durfte,\u00a0 gottesf\u00fcrchtige kretische Ziegenhirten,\u00a0 warum jemand erst unten in einer H\u00f6hle wohnt und die allt\u00e4glichen Erlebnisse untereinander. Nicht zu vergessen,\u00a0 warum traf man sich \u00fcberhaupt ausgerechnet in Matala?<br \/>\nHeute ist es vielleicht schwer zu verstehen,\u00a0 aber es funktionierte nur \u00fcber Mundpropaganda.<\/p>\n<div class=\"rl-gallery-container splide \" id=\"rl-gallery-container-1\" data-gallery_id=\"0\"> <div class=\"rl-gallery rl-basicslider-gallery splide__track \" id=\"rl-gallery-1\" data-gallery_no=\"1\"> <ul class=\"splide__list\"> <li class=\"rl-gallery-item splide__slide\" data-thumb=\"https:\/\/www.matala-kreta.eu\/wp-content\/uploads\/2011\/06\/Matala-Festival_12.06.11-300x199.jpg\"> <a href=\"https:\/\/www.matala-kreta.eu\/wp-content\/uploads\/2011\/06\/Matala-Festival_12.06.11.jpg\" title=\"\" data-rl_title=\"\" class=\"rl-gallery-link\" data-rl_caption=\"\" data-rel=\"lightbox-gallery-bGlnaHRib3gtZ2FsbGVyeS0x\" data-rl_title=\"\" data-rl_caption=\"\"><img src=\"https:\/\/www.matala-kreta.eu\/wp-content\/uploads\/2011\/06\/Matala-Festival_12.06.11-300x199.jpg\" width=\"300\" height=\"199\" alt=\"\"\/><\/a> <\/li> <li class=\"rl-gallery-item splide__slide\" data-thumb=\"https:\/\/www.matala-kreta.eu\/wp-content\/uploads\/2011\/06\/Matala-Festival_12.06.-19-300x199.jpg\"> <a href=\"https:\/\/www.matala-kreta.eu\/wp-content\/uploads\/2011\/06\/Matala-Festival_12.06.-19.jpg\" title=\"\" data-rl_title=\"\" class=\"rl-gallery-link\" data-rl_caption=\"\" data-rel=\"lightbox-gallery-bGlnaHRib3gtZ2FsbGVyeS0x\" data-rl_title=\"\" data-rl_caption=\"\"><img src=\"https:\/\/www.matala-kreta.eu\/wp-content\/uploads\/2011\/06\/Matala-Festival_12.06.-19-300x199.jpg\" width=\"300\" height=\"199\" alt=\"\"\/><\/a> <\/li> <li class=\"rl-gallery-item splide__slide\" data-thumb=\"https:\/\/www.matala-kreta.eu\/wp-content\/uploads\/2011\/06\/Matala-Festival_12.06.-21-300x199.jpg\"> <a href=\"https:\/\/www.matala-kreta.eu\/wp-content\/uploads\/2011\/06\/Matala-Festival_12.06.-21.jpg\" title=\"\" data-rl_title=\"\" class=\"rl-gallery-link\" data-rl_caption=\"\" data-rel=\"lightbox-gallery-bGlnaHRib3gtZ2FsbGVyeS0x\" data-rl_title=\"\" data-rl_caption=\"\"><img src=\"https:\/\/www.matala-kreta.eu\/wp-content\/uploads\/2011\/06\/Matala-Festival_12.06.-21-300x199.jpg\" width=\"300\" height=\"199\" alt=\"\"\/><\/a> <\/li> <li class=\"rl-gallery-item splide__slide\" data-thumb=\"https:\/\/www.matala-kreta.eu\/wp-content\/uploads\/2011\/06\/Matala-Festival_12.06.-22-300x199.jpg\"> <a href=\"https:\/\/www.matala-kreta.eu\/wp-content\/uploads\/2011\/06\/Matala-Festival_12.06.-22.jpg\" title=\"\" data-rl_title=\"\" class=\"rl-gallery-link\" data-rl_caption=\"\" data-rel=\"lightbox-gallery-bGlnaHRib3gtZ2FsbGVyeS0x\" data-rl_title=\"\" data-rl_caption=\"\"><img src=\"https:\/\/www.matala-kreta.eu\/wp-content\/uploads\/2011\/06\/Matala-Festival_12.06.-22-300x199.jpg\" width=\"300\" height=\"199\" alt=\"\"\/><\/a> <\/li> <li class=\"rl-gallery-item splide__slide\" data-thumb=\"https:\/\/www.matala-kreta.eu\/wp-content\/uploads\/2011\/06\/Matala-Festival_12.06.-20-300x199.jpg\"> <a href=\"https:\/\/www.matala-kreta.eu\/wp-content\/uploads\/2011\/06\/Matala-Festival_12.06.-20.jpg\" title=\"\" data-rl_title=\"\" class=\"rl-gallery-link\" data-rl_caption=\"\" data-rel=\"lightbox-gallery-bGlnaHRib3gtZ2FsbGVyeS0x\" data-rl_title=\"\" data-rl_caption=\"\"><img src=\"https:\/\/www.matala-kreta.eu\/wp-content\/uploads\/2011\/06\/Matala-Festival_12.06.-20-300x199.jpg\" width=\"300\" height=\"199\" alt=\"\"\/><\/a> <\/li> <li class=\"rl-gallery-item splide__slide\" data-thumb=\"https:\/\/www.matala-kreta.eu\/wp-content\/uploads\/2011\/06\/Matala-Festival_12.06.-23-300x199.jpg\"> <a href=\"https:\/\/www.matala-kreta.eu\/wp-content\/uploads\/2011\/06\/Matala-Festival_12.06.-23.jpg\" title=\"\" data-rl_title=\"\" class=\"rl-gallery-link\" data-rl_caption=\"\" data-rel=\"lightbox-gallery-bGlnaHRib3gtZ2FsbGVyeS0x\" data-rl_title=\"\" data-rl_caption=\"\"><img src=\"https:\/\/www.matala-kreta.eu\/wp-content\/uploads\/2011\/06\/Matala-Festival_12.06.-23-300x199.jpg\" width=\"300\" height=\"199\" alt=\"\"\/><\/a> <\/li> <li class=\"rl-gallery-item splide__slide\" data-thumb=\"https:\/\/www.matala-kreta.eu\/wp-content\/uploads\/2011\/06\/Matala-Festival_12.06.-26-300x225.jpg\"> <a href=\"https:\/\/www.matala-kreta.eu\/wp-content\/uploads\/2011\/06\/Matala-Festival_12.06.-26.jpg\" title=\"\" data-rl_title=\"\" class=\"rl-gallery-link\" data-rl_caption=\"\" data-rel=\"lightbox-gallery-bGlnaHRib3gtZ2FsbGVyeS0x\" data-rl_title=\"\" data-rl_caption=\"\"><img src=\"https:\/\/www.matala-kreta.eu\/wp-content\/uploads\/2011\/06\/Matala-Festival_12.06.-26-300x225.jpg\" width=\"300\" height=\"225\" alt=\"\"\/><\/a> <\/li> <li class=\"rl-gallery-item splide__slide\" data-thumb=\"https:\/\/www.matala-kreta.eu\/wp-content\/uploads\/2011\/06\/Matala-Festival_12.06.-27-300x225.jpg\"> <a href=\"https:\/\/www.matala-kreta.eu\/wp-content\/uploads\/2011\/06\/Matala-Festival_12.06.-27.jpg\" title=\"\" data-rl_title=\"\" class=\"rl-gallery-link\" data-rl_caption=\"\" data-rel=\"lightbox-gallery-bGlnaHRib3gtZ2FsbGVyeS0x\" data-rl_title=\"\" data-rl_caption=\"\"><img src=\"https:\/\/www.matala-kreta.eu\/wp-content\/uploads\/2011\/06\/Matala-Festival_12.06.-27-300x225.jpg\" width=\"300\" height=\"225\" alt=\"\"\/><\/a> <\/li> <li class=\"rl-gallery-item splide__slide\" data-thumb=\"https:\/\/www.matala-kreta.eu\/wp-content\/uploads\/2011\/06\/Matala-Festival_12.06.-28-300x225.jpg\"> <a href=\"https:\/\/www.matala-kreta.eu\/wp-content\/uploads\/2011\/06\/Matala-Festival_12.06.-28.jpg\" title=\"\" data-rl_title=\"\" class=\"rl-gallery-link\" data-rl_caption=\"\" data-rel=\"lightbox-gallery-bGlnaHRib3gtZ2FsbGVyeS0x\" data-rl_title=\"\" data-rl_caption=\"\"><img src=\"https:\/\/www.matala-kreta.eu\/wp-content\/uploads\/2011\/06\/Matala-Festival_12.06.-28-300x225.jpg\" width=\"300\" height=\"225\" alt=\"\"\/><\/a> <\/li> <li class=\"rl-gallery-item splide__slide\" data-thumb=\"https:\/\/www.matala-kreta.eu\/wp-content\/uploads\/2011\/06\/Matala-Festival_12.06.-25-300x225.jpg\"> <a href=\"https:\/\/www.matala-kreta.eu\/wp-content\/uploads\/2011\/06\/Matala-Festival_12.06.-25.jpg\" title=\"\" data-rl_title=\"\" class=\"rl-gallery-link\" data-rl_caption=\"\" data-rel=\"lightbox-gallery-bGlnaHRib3gtZ2FsbGVyeS0x\" data-rl_title=\"\" data-rl_caption=\"\"><img src=\"https:\/\/www.matala-kreta.eu\/wp-content\/uploads\/2011\/06\/Matala-Festival_12.06.-25-300x225.jpg\" width=\"300\" height=\"225\" alt=\"\"\/><\/a> <\/li> <li class=\"rl-gallery-item splide__slide\" data-thumb=\"https:\/\/www.matala-kreta.eu\/wp-content\/uploads\/2011\/06\/Matala-Festival_12.06.-24-300x199.jpg\"> <a href=\"https:\/\/www.matala-kreta.eu\/wp-content\/uploads\/2011\/06\/Matala-Festival_12.06.-24.jpg\" title=\"\" data-rl_title=\"\" class=\"rl-gallery-link\" data-rl_caption=\"\" data-rel=\"lightbox-gallery-bGlnaHRib3gtZ2FsbGVyeS0x\" data-rl_title=\"\" data-rl_caption=\"\"><img src=\"https:\/\/www.matala-kreta.eu\/wp-content\/uploads\/2011\/06\/Matala-Festival_12.06.-24-300x199.jpg\" width=\"300\" height=\"199\" alt=\"\"\/><\/a> <\/li> <\/ul> <\/div> <\/div>\n<p>Seit gestern sind die meisten wieder auf dem Weg in ihre Heimat. Manche sitzen jetzt noch im Flieger,\u00a0 ich hoffe,\u00a0 wir werden uns einmal wieder sehen.\u00a0 Aber,\u00a0 wir haben uns mit Hilfe des Internets getroffen,\u00a0 und so k\u00f6nnen wir Kontakt halten.<\/p>\n<p>Liebe &#8222;Hippies&#8220;,<br \/>\nes war ein sehr besonderes Erlebnis.<br \/>\nAuch wenn ich an dem gestrigen Abend \u00fcberhaupt keine Lust hatte &#8222;Erinnerungs&#8220;fotos zu machen,\u00a0 ich werde diesen Abend und das Wochenende nie vergesen.<br \/>\nManchmal w\u00fcnsche ich mir eine Zeitmaschine,\u00a0 in dem Fall um zu erleben,\u00a0 wie ihr bei Stelios sitzt und aufs Meer schaut.\u00a0 Auch wenn vieles verkl\u00e4rt wird,\u00a0 es war etwas besonderes was sich so niemals wiederholen l\u00e4sst.<br \/>\nSchon lange habt ihr wohl ein weniger aufregendes Leben als zu der Zeit. Trotzdem habt ihr euch die Zeit genommen um Altes wieder aufleben zu lassen.<br \/>\nNat\u00fcrlich hat alles Gutes und Schlechtes,\u00a0 feuchte H\u00f6hlen und Schlafs\u00e4cke,\u00a0 wenig Geld und Diebst\u00e4hle geh\u00f6ren zu letzterem.<br \/>\nAber ihr wart wohl die ersten,\u00a0 die entgegen dem was sonst in der Welt passierte,\u00a0 ein Zusammenleben miteinander versucht und zu einem gro\u00dfen Teil auch geschafft haben.<br \/>\nDenn es ist nicht einfach,\u00a0 viele Nationen und Kulturen in einem Ort friedlich miteinander leben zu sehen.\u00a0 Auch wenn die Kirche und damalige Politik oft etwas argw\u00f6hnisch auf das Treiben geschaut haben.<\/p>\n<p>Es gibt viele Orte,\u00a0 die anscheinend etwas besonderes haben.\u00a0 Matala geh\u00f6rt f\u00fcr mich dazu.\u00a0 Denn immer noch ist es ein kleiner Ort in einer kleinen Bucht.<br \/>\nUnd trotzdem in den letzten Tagen sehr viele Menschen hier waren,\u00a0 alle waren sehr relaxt und es wurde gemeinsam gefeiert.<\/p>\n<p>Vielleicht l\u00e4sst sich aber ein Treffen in Matala wiederholen,\u00a0 denn es sind einige nach Kreta gekommen,\u00a0 die an dem Buch nicht teilhaben konnten.<\/p>\n<p>Das Festival selber war vielleicht nicht in allem der Zeit entsprechend,\u00a0 aber man darf nicht die Kosten des Ganzen vergessen. Sicher hat die Musik nicht immer gepasst und es war nat\u00fcrlich auch kommerziell.<br \/>\nAber Kreta geh\u00f6rt zu Griechenland und die Gemeinden schwimmen nicht im Geld.\u00a0 Matala ist nun bei vielen bekannt geworden,\u00a0 auch au\u00dferhalb Griechenlands,\u00a0 so wird man hoffentlich f\u00fcr die n\u00e4chsten Vorhaben Sponsoren finden.<\/p>\n<p>Noch einmal ein herzliches Dankesch\u00f6n an alle die das Buch und dieses Wochenende m\u00f6glich gemacht haben.<\/p>\n<p>Zuletzt,<br \/>\nliebe Shirley,\u00a0 ich w\u00fcnsche Dir viel Gl\u00fcck f\u00fcr die Zukunft und alles Gute mit Horst.<\/p>\n<p>(Shirley aus San Francisco hat w\u00e4hrend eines Besuches bei ihrer Schwester Pam in Sydney,\u00a0 deren Nachbarn kennengelernt. Beide wollen demn\u00e4chst heiraten.)<\/p>\n<div id=\"wpfp_552a1a28728e2e4078b97a4588052942\" data-item=\"{&quot;sources&quot;:[{&quot;src&quot;:&quot;https:\\\/\\\/www.matala-kreta.eu\\\/wp-content\\\/uploads\\\/2011\\\/06\\\/P1010358.flv&quot;,&quot;type&quot;:&quot;video\\\/mp4&quot;}],&quot;splash&quot;:&quot;https:\\\/\\\/www.matala-kreta.eu\\\/wp-content\\\/uploads\\\/2011\\\/06\\\/Matala-Festival_12.06.-29.jpg&quot;}\" class=\"flowplayer no-brand is-splash is-paused skin-slim no-svg fp-slim fp-edgy\" data-engine=\"flash\" data-fv-embed=\"https:\/\/www.matala-kreta.eu\/?p=1529&amp;fv_player_embed=1\" style=\"position:relative; max-width: 400px; max-height: 320px; \" data-ratio=\"0.8\">\n\t<div class=\"fp-ratio\" style=\"padding-top: 80%\"><\/div>\n\t<img class=\"fp-splash\" alt=\"video\" src=\"https:\/\/www.matala-kreta.eu\/wp-content\/uploads\/2011\/06\/Matala-Festival_12.06.-29.jpg\" style=\"position:absolute;top:0;width:100%\" \/>\n\t<div class=\"fp-ui\"><noscript>Please enable JavaScript<\/noscript><div class=\"fp-play fp-visible\"><svg class=\"fp-play-sharp-fill\" xmlns=\"http:\/\/www.w3.org\/2000\/svg\" viewBox=\"0 0 100 100\"><defs><style>.fp-color-play{opacity:0.65;}.controlbutton{fill:#fff;}<\/style><\/defs><title>play-sharp-fill<\/title><path class=\"fp-color-play\" d=\"M49.9217-.078a50,50,0,1,0,50,50A50.0564,50.0564,0,0,0,49.9217-.078Z\"\/><polygon class=\"controlbutton\" points=\"73.601 50 37.968 70.573 37.968 29.427 73.601 50\" filter=\"url(#f1)\"\/><\/svg><\/div><div class=\"fp-preload\"><b><\/b><b><\/b><b><\/b><b><\/b><\/div><\/div>\n<div id=\"wpfp_552a1a28728e2e4078b97a4588052942_custom_background\" class=\"wpfp_custom_background\" style=\"background-image: url('https:\/\/www.matala-kreta.eu\/wp-content\/uploads\/2011\/06\/Matala-Festival_12.06.-29.jpg')\"><\/div><div class='fvp-share-bar'><ul class=\"fvp-sharing\">\r\n    <li><a class=\"sharing-facebook\" href=\"https:\/\/www.facebook.com\/sharer\/sharer.php?u=https%3A%2F%2Fwww.matala-kreta.eu%2F%3Fp%3D1529\" target=\"_blank\"><\/a><\/li>\r\n    <li><a class=\"sharing-twitter\" href=\"https:\/\/twitter.com\/intent\/tweet?text=Matala-Kreta+&url=https%3A%2F%2Fwww.matala-kreta.eu%2F%3Fp%3D1529\" target=\"_blank\"><\/a><\/li>\r\n    <li><a class=\"sharing-email\" href=\"mailto:?body=Check%20out%20the%20amazing%20video%20here%3A%20https%3A%2F%2Fwww.matala-kreta.eu%2F%3Fp%3D1529\" target=\"_blank\"><\/a><\/li><\/ul><div><a class=\"sharing-link\" href=\"https:\/\/www.matala-kreta.eu\/?p=1529\" target=\"_blank\">Link<\/a><\/div><div><label><a class=\"embed-code-toggle\" href=\"#\"><strong>Embed<\/strong><\/a><\/label><\/div><div class=\"embed-code\"><label>Copy and paste this HTML code into your webpage to embed.<\/label><textarea><\/textarea><\/div><\/div>\n<\/div>\n\n<p>&nbsp;<\/p>\n","protected":false},"excerpt":{"rendered":"<p>Am Sonntag trafen wir uns abends noch einmal mit allen im &#8222;Sunset&#8220;. Denn in den letzten drei Tagen hatte man wenig Gelegenheit alle zusammen in der Gruppe zu finden. So war nun Gelegenheit noch einmal die Erlebnisse auszutauschen. Der Abend war gef\u00fcllt mit Geschichten \u00fcber &#8222;Mama&#8220;, die diese drei Tage leider nicht mehr erleben durfte, <span style=\"color:#777\"> . . . &rarr; Read More: <a href=\"https:\/\/www.matala-kreta.eu\/?p=1529\">Ein kleines Abschiedsessen&#8230;.<\/a><\/span><\/p>\n","protected":false},"author":1,"featured_media":0,"comment_status":"closed","ping_status":"open","sticky":false,"template":"","format":"standard","meta":[],"categories":[261],"tags":[167,70,150,69,146,76,61,72,26,80,764,45,163,164,157,168,165,13,147,149,155,32,152,166,71,151],"_links":{"self":[{"href":"https:\/\/www.matala-kreta.eu\/index.php?rest_route=\/wp\/v2\/posts\/1529"}],"collection":[{"href":"https:\/\/www.matala-kreta.eu\/index.php?rest_route=\/wp\/v2\/posts"}],"about":[{"href":"https:\/\/www.matala-kreta.eu\/index.php?rest_route=\/wp\/v2\/types\/post"}],"author":[{"embeddable":true,"href":"https:\/\/www.matala-kreta.eu\/index.php?rest_route=\/wp\/v2\/users\/1"}],"replies":[{"embeddable":true,"href":"https:\/\/www.matala-kreta.eu\/index.php?rest_route=%2Fwp%2Fv2%2Fcomments&post=1529"}],"version-history":[{"count":0,"href":"https:\/\/www.matala-kreta.eu\/index.php?rest_route=\/wp\/v2\/posts\/1529\/revisions"}],"wp:attachment":[{"href":"https:\/\/www.matala-kreta.eu\/index.php?rest_route=%2Fwp%2Fv2%2Fmedia&parent=1529"}],"wp:term":[{"taxonomy":"category","embeddable":true,"href":"https:\/\/www.matala-kreta.eu\/index.php?rest_route=%2Fwp%2Fv2%2Fcategories&post=1529"},{"taxonomy":"post_tag","embeddable":true,"href":"https:\/\/www.matala-kreta.eu\/index.php?rest_route=%2Fwp%2Fv2%2Ftags&post=1529"}],"curies":[{"name":"wp","href":"https:\/\/api.w.org\/{rel}","templated":true}]}}